{"id":2097,"date":"2025-05-18T15:03:12","date_gmt":"2025-05-18T18:03:12","guid":{"rendered":"https:\/\/editoralandmark.com.br\/v2.0\/?p=2097"},"modified":"2025-12-03T16:53:05","modified_gmt":"2025-12-03T19:53:05","slug":"aluisio-azevedo","status":"publish","type":"post","link":"https:\/\/editoralandmark.com.br\/v2.0\/2025\/05\/18\/aluisio-azevedo\/","title":{"rendered":"ALU\u00cdSIO AZEVEDO (1857-1913)"},"content":{"rendered":"<p>[vc_row][vc_column width=&#8221;1\/4&#8243;][vc_column_text]<img loading=\"lazy\" decoding=\"async\" class=\"alignnone size-medium wp-image-2665\" src=\"https:\/\/editoralandmark.com.br\/v2.0\/wp-content\/uploads\/2023\/07\/Firefly-20251202155237-400x535.png\" alt=\"\" width=\"400\" height=\"535\" srcset=\"https:\/\/editoralandmark.com.br\/v2.0\/wp-content\/uploads\/2023\/07\/Firefly-20251202155237-400x535.png 400w, https:\/\/editoralandmark.com.br\/v2.0\/wp-content\/uploads\/2023\/07\/Firefly-20251202155237-800x1070.png 800w, https:\/\/editoralandmark.com.br\/v2.0\/wp-content\/uploads\/2023\/07\/Firefly-20251202155237-768x1027.png 768w, https:\/\/editoralandmark.com.br\/v2.0\/wp-content\/uploads\/2023\/07\/Firefly-20251202155237-1149x1536.png 1149w, https:\/\/editoralandmark.com.br\/v2.0\/wp-content\/uploads\/2023\/07\/Firefly-20251202155237-1532x2048.png 1532w, https:\/\/editoralandmark.com.br\/v2.0\/wp-content\/uploads\/2023\/07\/Firefly-20251202155237-300x401.png 300w, https:\/\/editoralandmark.com.br\/v2.0\/wp-content\/uploads\/2023\/07\/Firefly-20251202155237-600x802.png 600w, https:\/\/editoralandmark.com.br\/v2.0\/wp-content\/uploads\/2023\/07\/Firefly-20251202155237-scaled.png 1915w\" sizes=\"auto, (max-width: 400px) 100vw, 400px\" \/>[\/vc_column_text][\/vc_column][vc_column width=&#8221;3\/4&#8243;][vc_column_text]<\/p>\n<p style=\"text-align: justify;\">Alu\u00edsio Tancredo Gon\u00e7alves de Azevedo, ou simplesmente Alu\u00edsio de Azevedo, foi um renomado escritor brasileiro, al\u00e9m de contista, cronista, diplomata, caricaturista, pintor, desenhista e jornalista, considerado um dos grandes nomes do movimento liter\u00e1rio conhecido como Realismo no Brasil, tendo nascido em S\u00e3o Lu\u00eds, na prov\u00edncia do Maranh\u00e3o, em 14 de abril de 1857, e falecido em Buenos Aires, Argentina, em 21 de janeiro de 1913.<\/p>\n<p style=\"text-align: justify;\">Filho do vice-c\u00f4nsul portugu\u00eas David Gon\u00e7alves de Azevedo e de Em\u00edlia Am\u00e1lia Pinto de Magalh\u00e3es, separada de um rico comerciante portugu\u00eas, foi Alu\u00edsio, irm\u00e3o mais novo do dramaturgo e tamb\u00e9m jornalista Artur Azevedo, com o qual, em parceria, viria a esbo\u00e7ar pe\u00e7as teatrais. Aos quinze anos, Alu\u00edsio de Azevedo mudou-se para o Rio de Janeiro em busca de melhores oportunidades. L\u00e1, trabalhou como jornalista e teve contato com importantes intelectuais e escritores da \u00e9poca. Com o falecimento do pai em 1878 volta ao Maranh\u00e3o para sustentar a fam\u00edlia.<\/p>\n<p style=\"text-align: justify;\">Em 1879, publicou o seu primeiro romance, Uma L\u00e1grima de Mulher, que obteve uma recep\u00e7\u00e3o moderada. No entanto, foi com a publica\u00e7\u00e3o de seu segundo romance, O Mulato (1881), que Azevedo alcan\u00e7ou grande notoriedade e se tornou um marco do Realismo no Brasil. A obra retrata os conflitos raciais e sociais da \u00e9poca, abordando temas como preconceito, escravid\u00e3o e hipocrisia da elite brasileira, obra que deixa a sociedade escandalizada pelo modo cru com que desnuda a quest\u00e3o racial e inaugura o Naturalismo na literatura brasileira. Ap\u00f3s o sucesso de O Mulato, continuou a escrever trazendo uma abordagem realista e cr\u00edtica da sociedade. Dessa preocupa\u00e7\u00e3o resultariam duas de suas melhores obras: Casa de pens\u00e3o (1884), que aborda a vida de estudantes pobres na cidade e O corti\u00e7o (1890), que retrata a realidade miser\u00e1vel dos corti\u00e7os no Rio de Janeiro. Seus romances apresentam uma vis\u00e3o contundente das condi\u00e7\u00f5es sociais, do preconceito e das desigualdades do Brasil do s\u00e9culo XIX<\/p>\n<p style=\"text-align: justify;\">Em 1895, com quase quarenta anos, Alu\u00edsio venceu um concurso para c\u00f4nsul e ingressou na carreira diplom\u00e1tica, servindo na cidade de Vigo na Espanha, no Jap\u00e3o, na Inglaterra, It\u00e1lia, Uruguai, Paraguai e Argentina. Em 1910, feito j\u00e1 c\u00f4nsul de primeira classe, volta a instalar-se em Buenos Aires, onde vive com Pastora Luquez, de quem adotou os dois filhos. Faleceu em 1913, aos 55 anos, vitimado por problemas card\u00edacos, em decorr\u00eancia de um atropelamento automobil\u00edstico que sofreu em fins de agosto de 1912.<\/p>\n<p style=\"text-align: justify;\">Foi um dos fundadores da Academia Brasileira de Letras e ocupou a cadeira n\u00famero 4 da institui\u00e7\u00e3o.<\/p>\n<p>[\/vc_column_text][\/vc_column][\/vc_row][vc_row][vc_column][vc_column_text]<\/p>\n<h3>LIVROS DO AUTOR<\/h3>\n<p>[\/vc_column_text][\/vc_column][\/vc_row][vc_row][vc_column]<div class=\"woocommerce \"><div class=\"wf-container dt-products  woo-hover products loading-effect-fade-in description-on-hover wc-single-shortcode cart-btn-on-img wc-img-hover hide-description wc-grid\" data-padding=\"0px\" data-cur-page=\"1\" data-desktop-columns-num=\"5\" data-v-tablet-columns-num=\"2\" data-h-tablet-columns-num=\"3\" data-phone-columns-num=\"1\">\n\n<article class=\"post visible description-off product type-product post-2096 status-publish first instock product_cat-classicos-mundiais product_cat-lancamentos product_cat-literatura-brasileira product_cat-romance has-post-thumbnail shipping-taxable purchasable product-type-simple\">\n\n\t<figure class=\"woocom-project\">\n\t<div class=\"woo-buttons-on-img\">\n\n\t\t<a href=\"https:\/\/editoralandmark.com.br\/v2.0\/produto\/o-cortico\/\" class=\"alignnone\"><img loading=\"lazy\" decoding=\"async\" width=\"300\" height=\"425\" src=\"https:\/\/editoralandmark.com.br\/v2.0\/wp-content\/uploads\/2023\/07\/O-CORTICO-CAPA-300x425.jpg\" class=\"attachment-woocommerce_thumbnail size-woocommerce_thumbnail preload-me\" alt=\"O CORTI\u00c7O\" srcset=\"https:\/\/editoralandmark.com.br\/v2.0\/wp-content\/uploads\/2023\/07\/O-CORTICO-CAPA-300x425.jpg 300w, https:\/\/editoralandmark.com.br\/v2.0\/wp-content\/uploads\/2023\/07\/O-CORTICO-CAPA-400x566.jpg 400w, https:\/\/editoralandmark.com.br\/v2.0\/wp-content\/uploads\/2023\/07\/O-CORTICO-CAPA-800x1132.jpg 800w, https:\/\/editoralandmark.com.br\/v2.0\/wp-content\/uploads\/2023\/07\/O-CORTICO-CAPA-768x1087.jpg 768w, https:\/\/editoralandmark.com.br\/v2.0\/wp-content\/uploads\/2023\/07\/O-CORTICO-CAPA-1085x1536.jpg 1085w, https:\/\/editoralandmark.com.br\/v2.0\/wp-content\/uploads\/2023\/07\/O-CORTICO-CAPA-600x849.jpg 600w, https:\/\/editoralandmark.com.br\/v2.0\/wp-content\/uploads\/2023\/07\/O-CORTICO-CAPA.jpg 1419w\" sizes=\"auto, (max-width: 300px) 100vw, 300px\" \/><\/a>\n\t<\/div>\n\t<figcaption class=\"woocom-list-content\">\n\n\t\t<div class=\"woocommerce-product-details__short-description\">\n\t<p>AUTOR: <a href=\"http:\/\/ALU\u00cdSIO AZEVEDO\">ALU\u00cdSIO AZEVEDO<\/a><br \/>\nADAPTA\u00c7\u00c3O: ***************<br \/>\nILUSTRADOR:\u00a0***************<br \/>\nIDIOMA: PORTUGU\u00caS<br \/>\nLAN\u00c7AMENTO: 08\/2023<br \/>\nACABAMENTO:\u00a0CAPA DURA<br \/>\nFORMATO: 12CM X 17CM<br \/>\nP\u00c1GINAS: 388<br \/>\nPESO: 450 G<br \/>\nISBN: 9788580700732<\/p>\n<\/div>\n\n\t<\/figcaption>\n<\/figure>\n\n<\/article>\n\n<\/div><\/div>[\/vc_column][\/vc_row]<\/p>\n","protected":false},"excerpt":{"rendered":"<p>[vc_row][vc_column width=&#8221;1\/4&#8243;][vc_column_text][\/vc_column_text][\/vc_column][vc_column width=&#8221;3\/4&#8243;][vc_column_text] Alu\u00edsio Tancredo Gon\u00e7alves de Azevedo, ou simplesmente Alu\u00edsio de Azevedo, foi um renomado escritor brasileiro, al\u00e9m de contista, cronista, diplomata, caricaturista, pintor, desenhista e jornalista, considerado um dos grandes nomes do movimento liter\u00e1rio conhecido como Realismo no Brasil, tendo nascido em S\u00e3o Lu\u00eds, na prov\u00edncia do Maranh\u00e3o, em 14 de abril de&hellip;<\/p>\n","protected":false},"author":2,"featured_media":2665,"comment_status":"open","ping_status":"open","sticky":false,"template":"","format":"standard","meta":[],"categories":[71,41],"tags":[],"class_list":{"0":"post-2097","1":"post","2":"type-post","3":"status-publish","4":"format-standard","5":"has-post-thumbnail","6":"hentry","7":"category-71","8":"category-autores","10":"category-41","11":"description-off"},"aioseo_notices":[],"_links":{"self":[{"href":"https:\/\/editoralandmark.com.br\/v2.0\/wp-json\/wp\/v2\/posts\/2097","targetHints":{"allow":["GET"]}}],"collection":[{"href":"https:\/\/editoralandmark.com.br\/v2.0\/wp-json\/wp\/v2\/posts"}],"about":[{"href":"https:\/\/editoralandmark.com.br\/v2.0\/wp-json\/wp\/v2\/types\/post"}],"author":[{"embeddable":true,"href":"https:\/\/editoralandmark.com.br\/v2.0\/wp-json\/wp\/v2\/users\/2"}],"replies":[{"embeddable":true,"href":"https:\/\/editoralandmark.com.br\/v2.0\/wp-json\/wp\/v2\/comments?post=2097"}],"version-history":[{"count":6,"href":"https:\/\/editoralandmark.com.br\/v2.0\/wp-json\/wp\/v2\/posts\/2097\/revisions"}],"predecessor-version":[{"id":2666,"href":"https:\/\/editoralandmark.com.br\/v2.0\/wp-json\/wp\/v2\/posts\/2097\/revisions\/2666"}],"wp:featuredmedia":[{"embeddable":true,"href":"https:\/\/editoralandmark.com.br\/v2.0\/wp-json\/wp\/v2\/media\/2665"}],"wp:attachment":[{"href":"https:\/\/editoralandmark.com.br\/v2.0\/wp-json\/wp\/v2\/media?parent=2097"}],"wp:term":[{"taxonomy":"category","embeddable":true,"href":"https:\/\/editoralandmark.com.br\/v2.0\/wp-json\/wp\/v2\/categories?post=2097"},{"taxonomy":"post_tag","embeddable":true,"href":"https:\/\/editoralandmark.com.br\/v2.0\/wp-json\/wp\/v2\/tags?post=2097"}],"curies":[{"name":"wp","href":"https:\/\/api.w.org\/{rel}","templated":true}]}}